{"id":1025,"date":"2023-12-18T14:56:08","date_gmt":"2023-12-18T13:56:08","guid":{"rendered":"https:\/\/detec-watch.ch\/?p=1025"},"modified":"2023-12-18T15:10:29","modified_gmt":"2023-12-18T14:10:29","slug":"le-tournant-energetique-est-bloque","status":"publish","type":"post","link":"https:\/\/extern21.gruene.ch\/detec-watch.ch\/blog\/articles\/le-tournant-energetique-est-bloque","title":{"rendered":"Le tournant \u00e9nerg\u00e9tique est bloqu\u00e9"},"content":{"rendered":"","protected":false},"excerpt":{"rendered":"","protected":false},"author":60,"featured_media":0,"comment_status":"closed","ping_status":"closed","sticky":false,"template":"","format":"standard","meta":{"_acf_changed":false,"inline_featured_image":false,"footnotes":""},"categories":[41],"tags":[],"class_list":["post-1025","post","type-post","status-publish","format-standard","hentry","category-articles"],"acf":[],"yoast_head":"<!-- This site is optimized with the Yoast SEO plugin v26.9 - https:\/\/yoast.com\/product\/yoast-seo-wordpress\/ -->\n<title>Le tournant \u00e9nerg\u00e9tique est bloqu\u00e9 - DETEC Watch<\/title>\n<meta name=\"description\" content=\"En termes de protection du climat, la Suisse n&#039;est pas dans le top 20. Albert R\u00f6sti ne fixe pas les priorit\u00e9s au bon endroit. Il doit sans attendre miser sur les \u00e9nergies renouvelables.\" \/>\n<meta name=\"robots\" content=\"index, follow, max-snippet:-1, max-image-preview:large, max-video-preview:-1\" \/>\n<link rel=\"canonical\" href=\"https:\/\/extern21.gruene.ch\/detec-watch.ch\/blog\/articles\/le-tournant-energetique-est-bloque\" \/>\n<meta property=\"og:locale\" content=\"fr_FR\" \/>\n<meta property=\"og:type\" content=\"article\" \/>\n<meta property=\"og:title\" content=\"Le tournant \u00e9nerg\u00e9tique est bloqu\u00e9 - DETEC Watch\" \/>\n<meta property=\"og:description\" content=\"En termes de protection du climat, la Suisse n&#039;est pas dans le top 20. Albert R\u00f6sti ne fixe pas les priorit\u00e9s au bon endroit. Il doit \u2026\" \/>\n<meta property=\"og:url\" content=\"https:\/\/extern21.gruene.ch\/detec-watch.ch\/blog\/articles\/le-tournant-energetique-est-bloque\" \/>\n<meta property=\"og:site_name\" content=\"DETEC Watch\" \/>\n<meta property=\"article:published_time\" content=\"2023-12-18T13:56:08+00:00\" \/>\n<meta property=\"article:modified_time\" content=\"2023-12-18T14:10:29+00:00\" \/>\n<meta name=\"author\" content=\"marjoriespart\" \/>\n<meta name=\"twitter:card\" content=\"summary_large_image\" \/>\n<meta name=\"twitter:label1\" content=\"\u00c9crit par\" \/>\n\t<meta name=\"twitter:data1\" content=\"marjoriespart\" \/>\n\t<meta name=\"twitter:label2\" content=\"Dur\u00e9e de lecture estim\u00e9e\" \/>\n\t<meta name=\"twitter:data2\" content=\"3 minutes\" \/>\n<script type=\"application\/ld+json\" class=\"yoast-schema-graph\">{\"@context\":\"https:\/\/schema.org\",\"@graph\":[{\"@type\":\"Article\",\"@id\":\"https:\/\/extern21.gruene.ch\/detec-watch.ch\/blog\/articles\/le-tournant-energetique-est-bloque#article\",\"isPartOf\":{\"@id\":\"https:\/\/extern21.gruene.ch\/detec-watch.ch\/blog\/articles\/le-tournant-energetique-est-bloque\"},\"author\":{\"name\":\"marjoriespart\",\"@id\":\"https:\/\/extern21.gruene.ch\/detec-watch.ch\/#\/schema\/person\/8a403c4792163b240ae1db99c4e160c5\"},\"headline\":\"Le tournant \u00e9nerg\u00e9tique est bloqu\u00e9\",\"datePublished\":\"2023-12-18T13:56:08+00:00\",\"dateModified\":\"2023-12-18T14:10:29+00:00\",\"mainEntityOfPage\":{\"@id\":\"https:\/\/extern21.gruene.ch\/detec-watch.ch\/blog\/articles\/le-tournant-energetique-est-bloque\"},\"wordCount\":6,\"articleSection\":[\"Articles\"],\"inLanguage\":\"fr-FR\"},{\"@type\":\"WebPage\",\"@id\":\"https:\/\/extern21.gruene.ch\/detec-watch.ch\/blog\/articles\/le-tournant-energetique-est-bloque\",\"url\":\"https:\/\/extern21.gruene.ch\/detec-watch.ch\/blog\/articles\/le-tournant-energetique-est-bloque\",\"name\":\"Le tournant \u00e9nerg\u00e9tique est bloqu\u00e9 - DETEC Watch\",\"isPartOf\":{\"@id\":\"https:\/\/extern21.gruene.ch\/detec-watch.ch\/#website\"},\"datePublished\":\"2023-12-18T13:56:08+00:00\",\"dateModified\":\"2023-12-18T14:10:29+00:00\",\"author\":{\"@id\":\"https:\/\/extern21.gruene.ch\/detec-watch.ch\/#\/schema\/person\/8a403c4792163b240ae1db99c4e160c5\"},\"description\":\"En termes de protection du climat, la Suisse n'est pas dans le top 20. Albert R\u00f6sti ne fixe pas les priorit\u00e9s au bon endroit. Il doit sans attendre miser sur les \u00e9nergies renouvelables.\",\"breadcrumb\":{\"@id\":\"https:\/\/extern21.gruene.ch\/detec-watch.ch\/blog\/articles\/le-tournant-energetique-est-bloque#breadcrumb\"},\"inLanguage\":\"fr-FR\",\"potentialAction\":[{\"@type\":\"ReadAction\",\"target\":[\"https:\/\/extern21.gruene.ch\/detec-watch.ch\/blog\/articles\/le-tournant-energetique-est-bloque\"]}]},{\"@type\":\"BreadcrumbList\",\"@id\":\"https:\/\/extern21.gruene.ch\/detec-watch.ch\/blog\/articles\/le-tournant-energetique-est-bloque#breadcrumb\",\"itemListElement\":[{\"@type\":\"ListItem\",\"position\":1,\"name\":\"Startseite\",\"item\":\"https:\/\/extern21.gruene.ch\/detec-watch.ch\/\"},{\"@type\":\"ListItem\",\"position\":2,\"name\":\"Articles\",\"item\":\"https:\/\/extern21.gruene.ch\/detec-watch.ch\/blog\/category\/articles#menu-item-914\"},{\"@type\":\"ListItem\",\"position\":3,\"name\":\"Le tournant \u00e9nerg\u00e9tique est bloqu\u00e9\"}]},{\"@type\":\"WebSite\",\"@id\":\"https:\/\/extern21.gruene.ch\/detec-watch.ch\/#website\",\"url\":\"https:\/\/extern21.gruene.ch\/detec-watch.ch\/\",\"name\":\"DETEC Watch\",\"description\":\"Documentation du travail du conseiller f\u00e9d\u00e9ral Albert R\u00f6sti\",\"potentialAction\":[{\"@type\":\"SearchAction\",\"target\":{\"@type\":\"EntryPoint\",\"urlTemplate\":\"https:\/\/extern21.gruene.ch\/detec-watch.ch\/?s={search_term_string}\"},\"query-input\":{\"@type\":\"PropertyValueSpecification\",\"valueRequired\":true,\"valueName\":\"search_term_string\"}}],\"inLanguage\":\"fr-FR\"},{\"@type\":\"Person\",\"@id\":\"https:\/\/extern21.gruene.ch\/detec-watch.ch\/#\/schema\/person\/8a403c4792163b240ae1db99c4e160c5\",\"name\":\"marjoriespart\",\"image\":{\"@type\":\"ImageObject\",\"inLanguage\":\"fr-FR\",\"@id\":\"https:\/\/extern21.gruene.ch\/detec-watch.ch\/#\/schema\/person\/image\/\",\"url\":\"https:\/\/secure.gravatar.com\/avatar\/918f2bab9648ba64721d56c648b8d92fa32e77ac9bd13aedcf0df7cb17577a1c?s=96&d=mm&r=g\",\"contentUrl\":\"https:\/\/secure.gravatar.com\/avatar\/918f2bab9648ba64721d56c648b8d92fa32e77ac9bd13aedcf0df7cb17577a1c?s=96&d=mm&r=g\",\"caption\":\"marjoriespart\"}}]}<\/script>\n<!-- \/ Yoast SEO plugin. -->","yoast_head_json":{"title":"Le tournant \u00e9nerg\u00e9tique est bloqu\u00e9 - DETEC Watch","description":"En termes de protection du climat, la Suisse n'est pas dans le top 20. Albert R\u00f6sti ne fixe pas les priorit\u00e9s au bon endroit. Il doit sans attendre miser sur les \u00e9nergies renouvelables.","robots":{"index":"index","follow":"follow","max-snippet":"max-snippet:-1","max-image-preview":"max-image-preview:large","max-video-preview":"max-video-preview:-1"},"canonical":"https:\/\/extern21.gruene.ch\/detec-watch.ch\/blog\/articles\/le-tournant-energetique-est-bloque","og_locale":"fr_FR","og_type":"article","og_title":"Le tournant \u00e9nerg\u00e9tique est bloqu\u00e9 - DETEC Watch","og_description":"En termes de protection du climat, la Suisse n'est pas dans le top 20. Albert R\u00f6sti ne fixe pas les priorit\u00e9s au bon endroit. Il doit \u2026","og_url":"https:\/\/extern21.gruene.ch\/detec-watch.ch\/blog\/articles\/le-tournant-energetique-est-bloque","og_site_name":"DETEC Watch","article_published_time":"2023-12-18T13:56:08+00:00","article_modified_time":"2023-12-18T14:10:29+00:00","author":"marjoriespart","twitter_card":"summary_large_image","twitter_misc":{"\u00c9crit par":"marjoriespart","Dur\u00e9e de lecture estim\u00e9e":"3 minutes"},"schema":{"@context":"https:\/\/schema.org","@graph":[{"@type":"Article","@id":"https:\/\/extern21.gruene.ch\/detec-watch.ch\/blog\/articles\/le-tournant-energetique-est-bloque#article","isPartOf":{"@id":"https:\/\/extern21.gruene.ch\/detec-watch.ch\/blog\/articles\/le-tournant-energetique-est-bloque"},"author":{"name":"marjoriespart","@id":"https:\/\/extern21.gruene.ch\/detec-watch.ch\/#\/schema\/person\/8a403c4792163b240ae1db99c4e160c5"},"headline":"Le tournant \u00e9nerg\u00e9tique est bloqu\u00e9","datePublished":"2023-12-18T13:56:08+00:00","dateModified":"2023-12-18T14:10:29+00:00","mainEntityOfPage":{"@id":"https:\/\/extern21.gruene.ch\/detec-watch.ch\/blog\/articles\/le-tournant-energetique-est-bloque"},"wordCount":6,"articleSection":["Articles"],"inLanguage":"fr-FR"},{"@type":"WebPage","@id":"https:\/\/extern21.gruene.ch\/detec-watch.ch\/blog\/articles\/le-tournant-energetique-est-bloque","url":"https:\/\/extern21.gruene.ch\/detec-watch.ch\/blog\/articles\/le-tournant-energetique-est-bloque","name":"Le tournant \u00e9nerg\u00e9tique est bloqu\u00e9 - DETEC Watch","isPartOf":{"@id":"https:\/\/extern21.gruene.ch\/detec-watch.ch\/#website"},"datePublished":"2023-12-18T13:56:08+00:00","dateModified":"2023-12-18T14:10:29+00:00","author":{"@id":"https:\/\/extern21.gruene.ch\/detec-watch.ch\/#\/schema\/person\/8a403c4792163b240ae1db99c4e160c5"},"description":"En termes de protection du climat, la Suisse n'est pas dans le top 20. Albert R\u00f6sti ne fixe pas les priorit\u00e9s au bon endroit. Il doit sans attendre miser sur les \u00e9nergies renouvelables.","breadcrumb":{"@id":"https:\/\/extern21.gruene.ch\/detec-watch.ch\/blog\/articles\/le-tournant-energetique-est-bloque#breadcrumb"},"inLanguage":"fr-FR","potentialAction":[{"@type":"ReadAction","target":["https:\/\/extern21.gruene.ch\/detec-watch.ch\/blog\/articles\/le-tournant-energetique-est-bloque"]}]},{"@type":"BreadcrumbList","@id":"https:\/\/extern21.gruene.ch\/detec-watch.ch\/blog\/articles\/le-tournant-energetique-est-bloque#breadcrumb","itemListElement":[{"@type":"ListItem","position":1,"name":"Startseite","item":"https:\/\/extern21.gruene.ch\/detec-watch.ch\/"},{"@type":"ListItem","position":2,"name":"Articles","item":"https:\/\/extern21.gruene.ch\/detec-watch.ch\/blog\/category\/articles#menu-item-914"},{"@type":"ListItem","position":3,"name":"Le tournant \u00e9nerg\u00e9tique est bloqu\u00e9"}]},{"@type":"WebSite","@id":"https:\/\/extern21.gruene.ch\/detec-watch.ch\/#website","url":"https:\/\/extern21.gruene.ch\/detec-watch.ch\/","name":"DETEC Watch","description":"Documentation du travail du conseiller f\u00e9d\u00e9ral Albert R\u00f6sti","potentialAction":[{"@type":"SearchAction","target":{"@type":"EntryPoint","urlTemplate":"https:\/\/extern21.gruene.ch\/detec-watch.ch\/?s={search_term_string}"},"query-input":{"@type":"PropertyValueSpecification","valueRequired":true,"valueName":"search_term_string"}}],"inLanguage":"fr-FR"},{"@type":"Person","@id":"https:\/\/extern21.gruene.ch\/detec-watch.ch\/#\/schema\/person\/8a403c4792163b240ae1db99c4e160c5","name":"marjoriespart","image":{"@type":"ImageObject","inLanguage":"fr-FR","@id":"https:\/\/extern21.gruene.ch\/detec-watch.ch\/#\/schema\/person\/image\/","url":"https:\/\/secure.gravatar.com\/avatar\/918f2bab9648ba64721d56c648b8d92fa32e77ac9bd13aedcf0df7cb17577a1c?s=96&d=mm&r=g","contentUrl":"https:\/\/secure.gravatar.com\/avatar\/918f2bab9648ba64721d56c648b8d92fa32e77ac9bd13aedcf0df7cb17577a1c?s=96&d=mm&r=g","caption":"marjoriespart"}}]}},"_links":{"self":[{"href":"https:\/\/extern21.gruene.ch\/detec-watch.ch\/wp-json\/wp\/v2\/posts\/1025","targetHints":{"allow":["GET"]}}],"collection":[{"href":"https:\/\/extern21.gruene.ch\/detec-watch.ch\/wp-json\/wp\/v2\/posts"}],"about":[{"href":"https:\/\/extern21.gruene.ch\/detec-watch.ch\/wp-json\/wp\/v2\/types\/post"}],"author":[{"embeddable":true,"href":"https:\/\/extern21.gruene.ch\/detec-watch.ch\/wp-json\/wp\/v2\/users\/60"}],"replies":[{"embeddable":true,"href":"https:\/\/extern21.gruene.ch\/detec-watch.ch\/wp-json\/wp\/v2\/comments?post=1025"}],"version-history":[{"count":3,"href":"https:\/\/extern21.gruene.ch\/detec-watch.ch\/wp-json\/wp\/v2\/posts\/1025\/revisions"}],"predecessor-version":[{"id":1030,"href":"https:\/\/extern21.gruene.ch\/detec-watch.ch\/wp-json\/wp\/v2\/posts\/1025\/revisions\/1030"}],"wp:attachment":[{"href":"https:\/\/extern21.gruene.ch\/detec-watch.ch\/wp-json\/wp\/v2\/media?parent=1025"}],"wp:term":[{"taxonomy":"category","embeddable":true,"href":"https:\/\/extern21.gruene.ch\/detec-watch.ch\/wp-json\/wp\/v2\/categories?post=1025"},{"taxonomy":"post_tag","embeddable":true,"href":"https:\/\/extern21.gruene.ch\/detec-watch.ch\/wp-json\/wp\/v2\/tags?post=1025"}],"curies":[{"name":"wp","href":"https:\/\/api.w.org\/{rel}","templated":true}]}}