{"id":1060,"date":"2024-07-08T14:23:12","date_gmt":"2024-07-08T12:23:12","guid":{"rendered":"https:\/\/detec-watch.ch\/?p=1060"},"modified":"2024-07-08T14:23:12","modified_gmt":"2024-07-08T12:23:12","slug":"zeichen-der-klimaerhitzung-ernstnehmen-br-roesti","status":"publish","type":"post","link":"https:\/\/extern21.gruene.ch\/detec-watch.ch\/blog\/posts\/zeichen-der-klimaerhitzung-ernstnehmen-br-roesti","title":{"rendered":"Zeichen der Klimaerhitzung ernstnehmen, BR R\u00f6sti!"},"content":{"rendered":"","protected":false},"excerpt":{"rendered":"","protected":false},"author":60,"featured_media":0,"comment_status":"closed","ping_status":"closed","sticky":false,"template":"","format":"standard","meta":{"_acf_changed":false,"inline_featured_image":false,"footnotes":""},"categories":[1],"tags":[],"class_list":["post-1060","post","type-post","status-publish","format-standard","hentry","category-posts"],"acf":[],"yoast_head":"<!-- This site is optimized with the Yoast SEO plugin v26.9 - https:\/\/yoast.com\/product\/yoast-seo-wordpress\/ -->\n<title>Zeichen der Klimaerhitzung ernstnehmen, BR R\u00f6sti! - DETEC Watch<\/title>\n<meta name=\"description\" content=\"Die Unwetter in der Schweiz haben in den letzten Wochen mehrere Todesopfer gefordert. Tragische Ereignisse f\u00fcr uns Menschen und die Gesellschaft. Die Natur hat sich mit ihrer ganzen Kraft ihren Weg gebahnt.\" \/>\n<meta name=\"robots\" content=\"index, follow, max-snippet:-1, max-image-preview:large, max-video-preview:-1\" \/>\n<link rel=\"canonical\" href=\"https:\/\/extern21.gruene.ch\/detec-watch.ch\/blog\/posts\/zeichen-der-klimaerhitzung-ernstnehmen-br-roesti\" \/>\n<meta property=\"og:locale\" content=\"fr_FR\" \/>\n<meta property=\"og:type\" content=\"article\" \/>\n<meta property=\"og:title\" content=\"Zeichen der Klimaerhitzung ernstnehmen, BR R\u00f6sti! - DETEC Watch\" \/>\n<meta property=\"og:description\" content=\"Die Unwetter in der Schweiz haben in den letzten Wochen mehrere Todesopfer gefordert. Tragische Ereignisse f\u00fcr uns Menschen und die \u2026\" \/>\n<meta property=\"og:url\" content=\"https:\/\/extern21.gruene.ch\/detec-watch.ch\/blog\/posts\/zeichen-der-klimaerhitzung-ernstnehmen-br-roesti\" \/>\n<meta property=\"og:site_name\" content=\"DETEC Watch\" \/>\n<meta property=\"article:published_time\" content=\"2024-07-08T12:23:12+00:00\" \/>\n<meta name=\"author\" content=\"marjoriespart\" \/>\n<meta name=\"twitter:card\" content=\"summary_large_image\" \/>\n<meta name=\"twitter:label1\" content=\"\u00c9crit par\" \/>\n\t<meta name=\"twitter:data1\" content=\"marjoriespart\" \/>\n\t<meta name=\"twitter:label2\" content=\"Dur\u00e9e de lecture estim\u00e9e\" \/>\n\t<meta name=\"twitter:data2\" content=\"2 minutes\" \/>\n<script type=\"application\/ld+json\" class=\"yoast-schema-graph\">{\"@context\":\"https:\/\/schema.org\",\"@graph\":[{\"@type\":\"Article\",\"@id\":\"https:\/\/extern21.gruene.ch\/detec-watch.ch\/blog\/posts\/zeichen-der-klimaerhitzung-ernstnehmen-br-roesti#article\",\"isPartOf\":{\"@id\":\"https:\/\/extern21.gruene.ch\/detec-watch.ch\/blog\/posts\/zeichen-der-klimaerhitzung-ernstnehmen-br-roesti\"},\"author\":{\"name\":\"marjoriespart\",\"@id\":\"https:\/\/extern21.gruene.ch\/detec-watch.ch\/#\/schema\/person\/8a403c4792163b240ae1db99c4e160c5\"},\"headline\":\"Zeichen der Klimaerhitzung ernstnehmen, BR R\u00f6sti!\",\"datePublished\":\"2024-07-08T12:23:12+00:00\",\"mainEntityOfPage\":{\"@id\":\"https:\/\/extern21.gruene.ch\/detec-watch.ch\/blog\/posts\/zeichen-der-klimaerhitzung-ernstnehmen-br-roesti\"},\"wordCount\":7,\"articleSection\":[\"Beitr\u00e4ge\"],\"inLanguage\":\"fr-FR\"},{\"@type\":\"WebPage\",\"@id\":\"https:\/\/extern21.gruene.ch\/detec-watch.ch\/blog\/posts\/zeichen-der-klimaerhitzung-ernstnehmen-br-roesti\",\"url\":\"https:\/\/extern21.gruene.ch\/detec-watch.ch\/blog\/posts\/zeichen-der-klimaerhitzung-ernstnehmen-br-roesti\",\"name\":\"Zeichen der Klimaerhitzung ernstnehmen, BR R\u00f6sti! - DETEC Watch\",\"isPartOf\":{\"@id\":\"https:\/\/extern21.gruene.ch\/detec-watch.ch\/#website\"},\"datePublished\":\"2024-07-08T12:23:12+00:00\",\"author\":{\"@id\":\"https:\/\/extern21.gruene.ch\/detec-watch.ch\/#\/schema\/person\/8a403c4792163b240ae1db99c4e160c5\"},\"description\":\"Die Unwetter in der Schweiz haben in den letzten Wochen mehrere Todesopfer gefordert. Tragische Ereignisse f\u00fcr uns Menschen und die Gesellschaft. Die Natur hat sich mit ihrer ganzen Kraft ihren Weg gebahnt.\",\"breadcrumb\":{\"@id\":\"https:\/\/extern21.gruene.ch\/detec-watch.ch\/blog\/posts\/zeichen-der-klimaerhitzung-ernstnehmen-br-roesti#breadcrumb\"},\"inLanguage\":\"fr-FR\",\"potentialAction\":[{\"@type\":\"ReadAction\",\"target\":[\"https:\/\/extern21.gruene.ch\/detec-watch.ch\/blog\/posts\/zeichen-der-klimaerhitzung-ernstnehmen-br-roesti\"]}]},{\"@type\":\"BreadcrumbList\",\"@id\":\"https:\/\/extern21.gruene.ch\/detec-watch.ch\/blog\/posts\/zeichen-der-klimaerhitzung-ernstnehmen-br-roesti#breadcrumb\",\"itemListElement\":[{\"@type\":\"ListItem\",\"position\":1,\"name\":\"Startseite\",\"item\":\"https:\/\/extern21.gruene.ch\/detec-watch.ch\/\"},{\"@type\":\"ListItem\",\"position\":2,\"name\":\"Beitr\u00e4ge\",\"item\":\"https:\/\/extern21.gruene.ch\/detec-watch.ch\/blog\/category\/posts\"},{\"@type\":\"ListItem\",\"position\":3,\"name\":\"Zeichen der Klimaerhitzung ernstnehmen, BR R\u00f6sti!\"}]},{\"@type\":\"WebSite\",\"@id\":\"https:\/\/extern21.gruene.ch\/detec-watch.ch\/#website\",\"url\":\"https:\/\/extern21.gruene.ch\/detec-watch.ch\/\",\"name\":\"DETEC Watch\",\"description\":\"Documentation du travail du conseiller f\u00e9d\u00e9ral Albert R\u00f6sti\",\"potentialAction\":[{\"@type\":\"SearchAction\",\"target\":{\"@type\":\"EntryPoint\",\"urlTemplate\":\"https:\/\/extern21.gruene.ch\/detec-watch.ch\/?s={search_term_string}\"},\"query-input\":{\"@type\":\"PropertyValueSpecification\",\"valueRequired\":true,\"valueName\":\"search_term_string\"}}],\"inLanguage\":\"fr-FR\"},{\"@type\":\"Person\",\"@id\":\"https:\/\/extern21.gruene.ch\/detec-watch.ch\/#\/schema\/person\/8a403c4792163b240ae1db99c4e160c5\",\"name\":\"marjoriespart\",\"image\":{\"@type\":\"ImageObject\",\"inLanguage\":\"fr-FR\",\"@id\":\"https:\/\/extern21.gruene.ch\/detec-watch.ch\/#\/schema\/person\/image\/\",\"url\":\"https:\/\/secure.gravatar.com\/avatar\/918f2bab9648ba64721d56c648b8d92fa32e77ac9bd13aedcf0df7cb17577a1c?s=96&d=mm&r=g\",\"contentUrl\":\"https:\/\/secure.gravatar.com\/avatar\/918f2bab9648ba64721d56c648b8d92fa32e77ac9bd13aedcf0df7cb17577a1c?s=96&d=mm&r=g\",\"caption\":\"marjoriespart\"}}]}<\/script>\n<!-- \/ Yoast SEO plugin. -->","yoast_head_json":{"title":"Zeichen der Klimaerhitzung ernstnehmen, BR R\u00f6sti! - DETEC Watch","description":"Die Unwetter in der Schweiz haben in den letzten Wochen mehrere Todesopfer gefordert. Tragische Ereignisse f\u00fcr uns Menschen und die Gesellschaft. Die Natur hat sich mit ihrer ganzen Kraft ihren Weg gebahnt.","robots":{"index":"index","follow":"follow","max-snippet":"max-snippet:-1","max-image-preview":"max-image-preview:large","max-video-preview":"max-video-preview:-1"},"canonical":"https:\/\/extern21.gruene.ch\/detec-watch.ch\/blog\/posts\/zeichen-der-klimaerhitzung-ernstnehmen-br-roesti","og_locale":"fr_FR","og_type":"article","og_title":"Zeichen der Klimaerhitzung ernstnehmen, BR R\u00f6sti! - DETEC Watch","og_description":"Die Unwetter in der Schweiz haben in den letzten Wochen mehrere Todesopfer gefordert. Tragische Ereignisse f\u00fcr uns Menschen und die \u2026","og_url":"https:\/\/extern21.gruene.ch\/detec-watch.ch\/blog\/posts\/zeichen-der-klimaerhitzung-ernstnehmen-br-roesti","og_site_name":"DETEC Watch","article_published_time":"2024-07-08T12:23:12+00:00","author":"marjoriespart","twitter_card":"summary_large_image","twitter_misc":{"\u00c9crit par":"marjoriespart","Dur\u00e9e de lecture estim\u00e9e":"2 minutes"},"schema":{"@context":"https:\/\/schema.org","@graph":[{"@type":"Article","@id":"https:\/\/extern21.gruene.ch\/detec-watch.ch\/blog\/posts\/zeichen-der-klimaerhitzung-ernstnehmen-br-roesti#article","isPartOf":{"@id":"https:\/\/extern21.gruene.ch\/detec-watch.ch\/blog\/posts\/zeichen-der-klimaerhitzung-ernstnehmen-br-roesti"},"author":{"name":"marjoriespart","@id":"https:\/\/extern21.gruene.ch\/detec-watch.ch\/#\/schema\/person\/8a403c4792163b240ae1db99c4e160c5"},"headline":"Zeichen der Klimaerhitzung ernstnehmen, BR R\u00f6sti!","datePublished":"2024-07-08T12:23:12+00:00","mainEntityOfPage":{"@id":"https:\/\/extern21.gruene.ch\/detec-watch.ch\/blog\/posts\/zeichen-der-klimaerhitzung-ernstnehmen-br-roesti"},"wordCount":7,"articleSection":["Beitr\u00e4ge"],"inLanguage":"fr-FR"},{"@type":"WebPage","@id":"https:\/\/extern21.gruene.ch\/detec-watch.ch\/blog\/posts\/zeichen-der-klimaerhitzung-ernstnehmen-br-roesti","url":"https:\/\/extern21.gruene.ch\/detec-watch.ch\/blog\/posts\/zeichen-der-klimaerhitzung-ernstnehmen-br-roesti","name":"Zeichen der Klimaerhitzung ernstnehmen, BR R\u00f6sti! - DETEC Watch","isPartOf":{"@id":"https:\/\/extern21.gruene.ch\/detec-watch.ch\/#website"},"datePublished":"2024-07-08T12:23:12+00:00","author":{"@id":"https:\/\/extern21.gruene.ch\/detec-watch.ch\/#\/schema\/person\/8a403c4792163b240ae1db99c4e160c5"},"description":"Die Unwetter in der Schweiz haben in den letzten Wochen mehrere Todesopfer gefordert. Tragische Ereignisse f\u00fcr uns Menschen und die Gesellschaft. Die Natur hat sich mit ihrer ganzen Kraft ihren Weg gebahnt.","breadcrumb":{"@id":"https:\/\/extern21.gruene.ch\/detec-watch.ch\/blog\/posts\/zeichen-der-klimaerhitzung-ernstnehmen-br-roesti#breadcrumb"},"inLanguage":"fr-FR","potentialAction":[{"@type":"ReadAction","target":["https:\/\/extern21.gruene.ch\/detec-watch.ch\/blog\/posts\/zeichen-der-klimaerhitzung-ernstnehmen-br-roesti"]}]},{"@type":"BreadcrumbList","@id":"https:\/\/extern21.gruene.ch\/detec-watch.ch\/blog\/posts\/zeichen-der-klimaerhitzung-ernstnehmen-br-roesti#breadcrumb","itemListElement":[{"@type":"ListItem","position":1,"name":"Startseite","item":"https:\/\/extern21.gruene.ch\/detec-watch.ch\/"},{"@type":"ListItem","position":2,"name":"Beitr\u00e4ge","item":"https:\/\/extern21.gruene.ch\/detec-watch.ch\/blog\/category\/posts"},{"@type":"ListItem","position":3,"name":"Zeichen der Klimaerhitzung ernstnehmen, BR R\u00f6sti!"}]},{"@type":"WebSite","@id":"https:\/\/extern21.gruene.ch\/detec-watch.ch\/#website","url":"https:\/\/extern21.gruene.ch\/detec-watch.ch\/","name":"DETEC Watch","description":"Documentation du travail du conseiller f\u00e9d\u00e9ral Albert R\u00f6sti","potentialAction":[{"@type":"SearchAction","target":{"@type":"EntryPoint","urlTemplate":"https:\/\/extern21.gruene.ch\/detec-watch.ch\/?s={search_term_string}"},"query-input":{"@type":"PropertyValueSpecification","valueRequired":true,"valueName":"search_term_string"}}],"inLanguage":"fr-FR"},{"@type":"Person","@id":"https:\/\/extern21.gruene.ch\/detec-watch.ch\/#\/schema\/person\/8a403c4792163b240ae1db99c4e160c5","name":"marjoriespart","image":{"@type":"ImageObject","inLanguage":"fr-FR","@id":"https:\/\/extern21.gruene.ch\/detec-watch.ch\/#\/schema\/person\/image\/","url":"https:\/\/secure.gravatar.com\/avatar\/918f2bab9648ba64721d56c648b8d92fa32e77ac9bd13aedcf0df7cb17577a1c?s=96&d=mm&r=g","contentUrl":"https:\/\/secure.gravatar.com\/avatar\/918f2bab9648ba64721d56c648b8d92fa32e77ac9bd13aedcf0df7cb17577a1c?s=96&d=mm&r=g","caption":"marjoriespart"}}]}},"_links":{"self":[{"href":"https:\/\/extern21.gruene.ch\/detec-watch.ch\/wp-json\/wp\/v2\/posts\/1060","targetHints":{"allow":["GET"]}}],"collection":[{"href":"https:\/\/extern21.gruene.ch\/detec-watch.ch\/wp-json\/wp\/v2\/posts"}],"about":[{"href":"https:\/\/extern21.gruene.ch\/detec-watch.ch\/wp-json\/wp\/v2\/types\/post"}],"author":[{"embeddable":true,"href":"https:\/\/extern21.gruene.ch\/detec-watch.ch\/wp-json\/wp\/v2\/users\/60"}],"replies":[{"embeddable":true,"href":"https:\/\/extern21.gruene.ch\/detec-watch.ch\/wp-json\/wp\/v2\/comments?post=1060"}],"version-history":[{"count":1,"href":"https:\/\/extern21.gruene.ch\/detec-watch.ch\/wp-json\/wp\/v2\/posts\/1060\/revisions"}],"predecessor-version":[{"id":1061,"href":"https:\/\/extern21.gruene.ch\/detec-watch.ch\/wp-json\/wp\/v2\/posts\/1060\/revisions\/1061"}],"wp:attachment":[{"href":"https:\/\/extern21.gruene.ch\/detec-watch.ch\/wp-json\/wp\/v2\/media?parent=1060"}],"wp:term":[{"taxonomy":"category","embeddable":true,"href":"https:\/\/extern21.gruene.ch\/detec-watch.ch\/wp-json\/wp\/v2\/categories?post=1060"},{"taxonomy":"post_tag","embeddable":true,"href":"https:\/\/extern21.gruene.ch\/detec-watch.ch\/wp-json\/wp\/v2\/tags?post=1060"}],"curies":[{"name":"wp","href":"https:\/\/api.w.org\/{rel}","templated":true}]}}