{"id":1014,"date":"2023-11-29T16:00:22","date_gmt":"2023-11-29T15:00:22","guid":{"rendered":"https:\/\/extern21.gruene.ch\/uvektest\/?p=1014"},"modified":"2023-11-29T16:00:22","modified_gmt":"2023-11-29T15:00:22","slug":"bundesrat-roesti-und-die-medien-auf-dem-verordnungsweg-ins-gestruepp","status":"publish","type":"post","link":"https:\/\/extern21.gruene.ch\/uvektest\/blog\/posts\/bundesrat-roesti-und-die-medien-auf-dem-verordnungsweg-ins-gestruepp","title":{"rendered":"Bundesrat R\u00f6sti und die Medien: Auf dem Verordnungsweg ins Gestr\u00fcpp"},"content":{"rendered":"","protected":false},"excerpt":{"rendered":"","protected":false},"author":99,"featured_media":0,"comment_status":"closed","ping_status":"closed","sticky":false,"template":"","format":"standard","meta":{"_acf_changed":false,"inline_featured_image":false,"footnotes":""},"categories":[1],"tags":[],"class_list":["post-1014","post","type-post","status-publish","format-standard","hentry","category-posts"],"acf":[],"yoast_head":"<!-- This site is optimized with the Yoast SEO plugin v26.9 - https:\/\/yoast.com\/product\/yoast-seo-wordpress\/ -->\n<title>Bundesrat R\u00f6sti und die Medien: Auf dem Verordnungsweg ins Gestr\u00fcpp - UVEK Watch Test<\/title>\n<meta name=\"description\" content=\"F\u00fcnf Worte f\u00fcr einen Auftrag: \u00abDie SRG muss das sch\u00e4rfen.\u00bb Am 8. November gab Bundesrat Albert R\u00f6sti diese knappe Ansage durch, um die Senkung der Haushaltsabgabe f\u00fcr die Medien zu begr\u00fcnden. Das Programmangebot der SRG m\u00fcsse gesch\u00e4rft werden, denn es brauche mit Blick auf den Abbau der privaten Medien eine klarere Schnittstelle zwischen den privaten und \u00f6ffentlichen Medien.\" \/>\n<meta name=\"robots\" content=\"index, follow, max-snippet:-1, max-image-preview:large, max-video-preview:-1\" \/>\n<link rel=\"canonical\" href=\"https:\/\/extern21.gruene.ch\/uvektest\/blog\/posts\/bundesrat-roesti-und-die-medien-auf-dem-verordnungsweg-ins-gestruepp\" \/>\n<meta property=\"og:locale\" content=\"de_DE\" \/>\n<meta property=\"og:type\" content=\"article\" \/>\n<meta property=\"og:title\" content=\"Bundesrat R\u00f6sti und die Medien: Auf dem Verordnungsweg ins Gestr\u00fcpp - UVEK Watch Test\" \/>\n<meta property=\"og:description\" content=\"F\u00fcnf Worte f\u00fcr einen Auftrag: \u00abDie SRG muss das sch\u00e4rfen.\u00bb Am 8. November gab Bundesrat Albert R\u00f6sti diese knappe Ansage durch, um \u2026\" \/>\n<meta property=\"og:url\" content=\"https:\/\/extern21.gruene.ch\/uvektest\/blog\/posts\/bundesrat-roesti-und-die-medien-auf-dem-verordnungsweg-ins-gestruepp\" \/>\n<meta property=\"og:site_name\" content=\"UVEK Watch Test\" \/>\n<meta property=\"article:published_time\" content=\"2023-11-29T15:00:22+00:00\" \/>\n<meta property=\"og:image\" content=\"https:\/\/extern21.gruene.ch\/uvektest\/wp-content\/uploads\/sites\/79\/2023\/01\/Watchblog_Header_Roesti_7.jpg\" \/>\n\t<meta property=\"og:image:width\" content=\"2560\" \/>\n\t<meta property=\"og:image:height\" content=\"1170\" \/>\n\t<meta property=\"og:image:type\" content=\"image\/jpeg\" \/>\n<meta name=\"author\" content=\"andreawalker\" \/>\n<meta name=\"twitter:card\" content=\"summary_large_image\" \/>\n<meta name=\"twitter:label1\" content=\"Verfasst von\" \/>\n\t<meta name=\"twitter:data1\" content=\"andreawalker\" \/>\n<script type=\"application\/ld+json\" class=\"yoast-schema-graph\">{\"@context\":\"https:\/\/schema.org\",\"@graph\":[{\"@type\":\"Article\",\"@id\":\"https:\/\/extern21.gruene.ch\/uvektest\/blog\/posts\/bundesrat-roesti-und-die-medien-auf-dem-verordnungsweg-ins-gestruepp#article\",\"isPartOf\":{\"@id\":\"https:\/\/extern21.gruene.ch\/uvektest\/blog\/posts\/bundesrat-roesti-und-die-medien-auf-dem-verordnungsweg-ins-gestruepp\"},\"author\":{\"name\":\"andreawalker\",\"@id\":\"https:\/\/extern21.gruene.ch\/uvektest\/#\/schema\/person\/dc5246d6d342e2a83acf0c70db9ea26a\"},\"headline\":\"Bundesrat R\u00f6sti und die Medien: Auf dem Verordnungsweg ins Gestr\u00fcpp\",\"datePublished\":\"2023-11-29T15:00:22+00:00\",\"mainEntityOfPage\":{\"@id\":\"https:\/\/extern21.gruene.ch\/uvektest\/blog\/posts\/bundesrat-roesti-und-die-medien-auf-dem-verordnungsweg-ins-gestruepp\"},\"wordCount\":12,\"articleSection\":[\"Beitr\u00e4ge\"],\"inLanguage\":\"de\"},{\"@type\":\"WebPage\",\"@id\":\"https:\/\/extern21.gruene.ch\/uvektest\/blog\/posts\/bundesrat-roesti-und-die-medien-auf-dem-verordnungsweg-ins-gestruepp\",\"url\":\"https:\/\/extern21.gruene.ch\/uvektest\/blog\/posts\/bundesrat-roesti-und-die-medien-auf-dem-verordnungsweg-ins-gestruepp\",\"name\":\"Bundesrat R\u00f6sti und die Medien: Auf dem Verordnungsweg ins Gestr\u00fcpp - UVEK Watch Test\",\"isPartOf\":{\"@id\":\"https:\/\/extern21.gruene.ch\/uvektest\/#website\"},\"datePublished\":\"2023-11-29T15:00:22+00:00\",\"author\":{\"@id\":\"https:\/\/extern21.gruene.ch\/uvektest\/#\/schema\/person\/dc5246d6d342e2a83acf0c70db9ea26a\"},\"description\":\"F\u00fcnf Worte f\u00fcr einen Auftrag: \u00abDie SRG muss das sch\u00e4rfen.\u00bb Am 8. November gab Bundesrat Albert R\u00f6sti diese knappe Ansage durch, um die Senkung der Haushaltsabgabe f\u00fcr die Medien zu begr\u00fcnden. Das Programmangebot der SRG m\u00fcsse gesch\u00e4rft werden, denn es brauche mit Blick auf den Abbau der privaten Medien eine klarere Schnittstelle zwischen den privaten und \u00f6ffentlichen Medien.\",\"breadcrumb\":{\"@id\":\"https:\/\/extern21.gruene.ch\/uvektest\/blog\/posts\/bundesrat-roesti-und-die-medien-auf-dem-verordnungsweg-ins-gestruepp#breadcrumb\"},\"inLanguage\":\"de\",\"potentialAction\":[{\"@type\":\"ReadAction\",\"target\":[\"https:\/\/extern21.gruene.ch\/uvektest\/blog\/posts\/bundesrat-roesti-und-die-medien-auf-dem-verordnungsweg-ins-gestruepp\"]}]},{\"@type\":\"BreadcrumbList\",\"@id\":\"https:\/\/extern21.gruene.ch\/uvektest\/blog\/posts\/bundesrat-roesti-und-die-medien-auf-dem-verordnungsweg-ins-gestruepp#breadcrumb\",\"itemListElement\":[{\"@type\":\"ListItem\",\"position\":1,\"name\":\"Startseite\",\"item\":\"https:\/\/extern21.gruene.ch\/uvektest\/\"},{\"@type\":\"ListItem\",\"position\":2,\"name\":\"Blog-Beitr\u00e4ge\",\"item\":\"https:\/\/extern21.gruene.ch\/uvektest\/blog\/category\/posts#menu-item-767\"},{\"@type\":\"ListItem\",\"position\":3,\"name\":\"Bundesrat R\u00f6sti und die Medien: Auf dem Verordnungsweg ins Gestr\u00fcpp\"}]},{\"@type\":\"WebSite\",\"@id\":\"https:\/\/extern21.gruene.ch\/uvektest\/#website\",\"url\":\"https:\/\/extern21.gruene.ch\/uvektest\/\",\"name\":\"UVEK Watch Test\",\"description\":\"Dokumentation der Arbeit von Bundesrat Albert R\u00f6sti\",\"potentialAction\":[{\"@type\":\"SearchAction\",\"target\":{\"@type\":\"EntryPoint\",\"urlTemplate\":\"https:\/\/extern21.gruene.ch\/uvektest\/?s={search_term_string}\"},\"query-input\":{\"@type\":\"PropertyValueSpecification\",\"valueRequired\":true,\"valueName\":\"search_term_string\"}}],\"inLanguage\":\"de\"},{\"@type\":\"Person\",\"@id\":\"https:\/\/extern21.gruene.ch\/uvektest\/#\/schema\/person\/dc5246d6d342e2a83acf0c70db9ea26a\",\"name\":\"andreawalker\",\"image\":{\"@type\":\"ImageObject\",\"inLanguage\":\"de\",\"@id\":\"https:\/\/extern21.gruene.ch\/uvektest\/#\/schema\/person\/image\/\",\"url\":\"https:\/\/secure.gravatar.com\/avatar\/a68046a11f6dad943fb087df7fe3db6966da674797c13f35a12357fcc2434882?s=96&d=mm&r=g\",\"contentUrl\":\"https:\/\/secure.gravatar.com\/avatar\/a68046a11f6dad943fb087df7fe3db6966da674797c13f35a12357fcc2434882?s=96&d=mm&r=g\",\"caption\":\"andreawalker\"}}]}<\/script>\n<!-- \/ Yoast SEO plugin. -->","yoast_head_json":{"title":"Bundesrat R\u00f6sti und die Medien: Auf dem Verordnungsweg ins Gestr\u00fcpp - UVEK Watch Test","description":"F\u00fcnf Worte f\u00fcr einen Auftrag: \u00abDie SRG muss das sch\u00e4rfen.\u00bb Am 8. November gab Bundesrat Albert R\u00f6sti diese knappe Ansage durch, um die Senkung der Haushaltsabgabe f\u00fcr die Medien zu begr\u00fcnden. Das Programmangebot der SRG m\u00fcsse gesch\u00e4rft werden, denn es brauche mit Blick auf den Abbau der privaten Medien eine klarere Schnittstelle zwischen den privaten und \u00f6ffentlichen Medien.","robots":{"index":"index","follow":"follow","max-snippet":"max-snippet:-1","max-image-preview":"max-image-preview:large","max-video-preview":"max-video-preview:-1"},"canonical":"https:\/\/extern21.gruene.ch\/uvektest\/blog\/posts\/bundesrat-roesti-und-die-medien-auf-dem-verordnungsweg-ins-gestruepp","og_locale":"de_DE","og_type":"article","og_title":"Bundesrat R\u00f6sti und die Medien: Auf dem Verordnungsweg ins Gestr\u00fcpp - UVEK Watch Test","og_description":"F\u00fcnf Worte f\u00fcr einen Auftrag: \u00abDie SRG muss das sch\u00e4rfen.\u00bb Am 8. November gab Bundesrat Albert R\u00f6sti diese knappe Ansage durch, um \u2026","og_url":"https:\/\/extern21.gruene.ch\/uvektest\/blog\/posts\/bundesrat-roesti-und-die-medien-auf-dem-verordnungsweg-ins-gestruepp","og_site_name":"UVEK Watch Test","article_published_time":"2023-11-29T15:00:22+00:00","og_image":[{"width":2560,"height":1170,"url":"https:\/\/extern21.gruene.ch\/uvektest\/wp-content\/uploads\/sites\/79\/2023\/01\/Watchblog_Header_Roesti_7.jpg","type":"image\/jpeg"}],"author":"andreawalker","twitter_card":"summary_large_image","twitter_misc":{"Verfasst von":"andreawalker"},"schema":{"@context":"https:\/\/schema.org","@graph":[{"@type":"Article","@id":"https:\/\/extern21.gruene.ch\/uvektest\/blog\/posts\/bundesrat-roesti-und-die-medien-auf-dem-verordnungsweg-ins-gestruepp#article","isPartOf":{"@id":"https:\/\/extern21.gruene.ch\/uvektest\/blog\/posts\/bundesrat-roesti-und-die-medien-auf-dem-verordnungsweg-ins-gestruepp"},"author":{"name":"andreawalker","@id":"https:\/\/extern21.gruene.ch\/uvektest\/#\/schema\/person\/dc5246d6d342e2a83acf0c70db9ea26a"},"headline":"Bundesrat R\u00f6sti und die Medien: Auf dem Verordnungsweg ins Gestr\u00fcpp","datePublished":"2023-11-29T15:00:22+00:00","mainEntityOfPage":{"@id":"https:\/\/extern21.gruene.ch\/uvektest\/blog\/posts\/bundesrat-roesti-und-die-medien-auf-dem-verordnungsweg-ins-gestruepp"},"wordCount":12,"articleSection":["Beitr\u00e4ge"],"inLanguage":"de"},{"@type":"WebPage","@id":"https:\/\/extern21.gruene.ch\/uvektest\/blog\/posts\/bundesrat-roesti-und-die-medien-auf-dem-verordnungsweg-ins-gestruepp","url":"https:\/\/extern21.gruene.ch\/uvektest\/blog\/posts\/bundesrat-roesti-und-die-medien-auf-dem-verordnungsweg-ins-gestruepp","name":"Bundesrat R\u00f6sti und die Medien: Auf dem Verordnungsweg ins Gestr\u00fcpp - UVEK Watch Test","isPartOf":{"@id":"https:\/\/extern21.gruene.ch\/uvektest\/#website"},"datePublished":"2023-11-29T15:00:22+00:00","author":{"@id":"https:\/\/extern21.gruene.ch\/uvektest\/#\/schema\/person\/dc5246d6d342e2a83acf0c70db9ea26a"},"description":"F\u00fcnf Worte f\u00fcr einen Auftrag: \u00abDie SRG muss das sch\u00e4rfen.\u00bb Am 8. November gab Bundesrat Albert R\u00f6sti diese knappe Ansage durch, um die Senkung der Haushaltsabgabe f\u00fcr die Medien zu begr\u00fcnden. Das Programmangebot der SRG m\u00fcsse gesch\u00e4rft werden, denn es brauche mit Blick auf den Abbau der privaten Medien eine klarere Schnittstelle zwischen den privaten und \u00f6ffentlichen Medien.","breadcrumb":{"@id":"https:\/\/extern21.gruene.ch\/uvektest\/blog\/posts\/bundesrat-roesti-und-die-medien-auf-dem-verordnungsweg-ins-gestruepp#breadcrumb"},"inLanguage":"de","potentialAction":[{"@type":"ReadAction","target":["https:\/\/extern21.gruene.ch\/uvektest\/blog\/posts\/bundesrat-roesti-und-die-medien-auf-dem-verordnungsweg-ins-gestruepp"]}]},{"@type":"BreadcrumbList","@id":"https:\/\/extern21.gruene.ch\/uvektest\/blog\/posts\/bundesrat-roesti-und-die-medien-auf-dem-verordnungsweg-ins-gestruepp#breadcrumb","itemListElement":[{"@type":"ListItem","position":1,"name":"Startseite","item":"https:\/\/extern21.gruene.ch\/uvektest\/"},{"@type":"ListItem","position":2,"name":"Blog-Beitr\u00e4ge","item":"https:\/\/extern21.gruene.ch\/uvektest\/blog\/category\/posts#menu-item-767"},{"@type":"ListItem","position":3,"name":"Bundesrat R\u00f6sti und die Medien: Auf dem Verordnungsweg ins Gestr\u00fcpp"}]},{"@type":"WebSite","@id":"https:\/\/extern21.gruene.ch\/uvektest\/#website","url":"https:\/\/extern21.gruene.ch\/uvektest\/","name":"UVEK Watch Test","description":"Dokumentation der Arbeit von Bundesrat Albert R\u00f6sti","potentialAction":[{"@type":"SearchAction","target":{"@type":"EntryPoint","urlTemplate":"https:\/\/extern21.gruene.ch\/uvektest\/?s={search_term_string}"},"query-input":{"@type":"PropertyValueSpecification","valueRequired":true,"valueName":"search_term_string"}}],"inLanguage":"de"},{"@type":"Person","@id":"https:\/\/extern21.gruene.ch\/uvektest\/#\/schema\/person\/dc5246d6d342e2a83acf0c70db9ea26a","name":"andreawalker","image":{"@type":"ImageObject","inLanguage":"de","@id":"https:\/\/extern21.gruene.ch\/uvektest\/#\/schema\/person\/image\/","url":"https:\/\/secure.gravatar.com\/avatar\/a68046a11f6dad943fb087df7fe3db6966da674797c13f35a12357fcc2434882?s=96&d=mm&r=g","contentUrl":"https:\/\/secure.gravatar.com\/avatar\/a68046a11f6dad943fb087df7fe3db6966da674797c13f35a12357fcc2434882?s=96&d=mm&r=g","caption":"andreawalker"}}]}},"lang":"de","translations":{"de":1014},"pll_sync_post":[],"_links":{"self":[{"href":"https:\/\/extern21.gruene.ch\/uvektest\/wp-json\/wp\/v2\/posts\/1014","targetHints":{"allow":["GET"]}}],"collection":[{"href":"https:\/\/extern21.gruene.ch\/uvektest\/wp-json\/wp\/v2\/posts"}],"about":[{"href":"https:\/\/extern21.gruene.ch\/uvektest\/wp-json\/wp\/v2\/types\/post"}],"author":[{"embeddable":true,"href":"https:\/\/extern21.gruene.ch\/uvektest\/wp-json\/wp\/v2\/users\/99"}],"replies":[{"embeddable":true,"href":"https:\/\/extern21.gruene.ch\/uvektest\/wp-json\/wp\/v2\/comments?post=1014"}],"version-history":[{"count":1,"href":"https:\/\/extern21.gruene.ch\/uvektest\/wp-json\/wp\/v2\/posts\/1014\/revisions"}],"predecessor-version":[{"id":1015,"href":"https:\/\/extern21.gruene.ch\/uvektest\/wp-json\/wp\/v2\/posts\/1014\/revisions\/1015"}],"wp:attachment":[{"href":"https:\/\/extern21.gruene.ch\/uvektest\/wp-json\/wp\/v2\/media?parent=1014"}],"wp:term":[{"taxonomy":"category","embeddable":true,"href":"https:\/\/extern21.gruene.ch\/uvektest\/wp-json\/wp\/v2\/categories?post=1014"},{"taxonomy":"post_tag","embeddable":true,"href":"https:\/\/extern21.gruene.ch\/uvektest\/wp-json\/wp\/v2\/tags?post=1014"}],"curies":[{"name":"wp","href":"https:\/\/api.w.org\/{rel}","templated":true}]}}