{"id":983,"date":"2023-04-22T13:23:46","date_gmt":"2023-04-22T11:23:46","guid":{"rendered":"https:\/\/extern21.gruene.ch\/uvektest\/?p=983"},"modified":"2023-04-22T13:25:34","modified_gmt":"2023-04-22T11:25:34","slug":"bundesrat-roesti-verteidigt-recht-auf-littering","status":"publish","type":"post","link":"https:\/\/extern21.gruene.ch\/uvektest\/blog\/posts\/bundesrat-roesti-verteidigt-recht-auf-littering","title":{"rendered":"Bundesrat R\u00f6sti verteidigt Recht auf Littering"},"content":{"rendered":"","protected":false},"excerpt":{"rendered":"","protected":false},"author":64,"featured_media":0,"comment_status":"closed","ping_status":"closed","sticky":false,"template":"","format":"standard","meta":{"_acf_changed":false,"inline_featured_image":false,"footnotes":""},"categories":[1],"tags":[72],"class_list":["post-983","post","type-post","status-publish","format-standard","hentry","category-posts","tag-kreislaufwirtschaft"],"acf":[],"yoast_head":"<!-- This site is optimized with the Yoast SEO plugin v26.9 - https:\/\/yoast.com\/product\/yoast-seo-wordpress\/ -->\n<title>Bundesrat R\u00f6sti verteidigt Recht auf Littering - UVEK Watch Test<\/title>\n<meta name=\"description\" content=\"Bei der Vorlage f\u00fcr eine Schweizer Kreislaufwirtschaft hat Albert R\u00f6sti den Bundesrat offensichtlich auf SVP-Kurs gebracht. Sogar dort wo die SVP nicht geschlossen ist, wie beispielsweise beim Littering. (Bastien Girod)\" \/>\n<meta name=\"robots\" content=\"index, follow, max-snippet:-1, max-image-preview:large, max-video-preview:-1\" \/>\n<link rel=\"canonical\" href=\"https:\/\/extern21.gruene.ch\/uvektest\/blog\/posts\/bundesrat-roesti-verteidigt-recht-auf-littering\" \/>\n<meta property=\"og:locale\" content=\"de_DE\" \/>\n<meta property=\"og:type\" content=\"article\" \/>\n<meta property=\"og:title\" content=\"Bundesrat R\u00f6sti verteidigt Recht auf Littering - UVEK Watch Test\" \/>\n<meta property=\"og:description\" content=\"Bei der Vorlage f\u00fcr eine Schweizer Kreislaufwirtschaft hat Albert R\u00f6sti den Bundesrat offensichtlich auf SVP-Kurs gebracht. Sogar dort wo \u2026\" \/>\n<meta property=\"og:url\" content=\"https:\/\/extern21.gruene.ch\/uvektest\/blog\/posts\/bundesrat-roesti-verteidigt-recht-auf-littering\" \/>\n<meta property=\"og:site_name\" content=\"UVEK Watch Test\" \/>\n<meta property=\"article:published_time\" content=\"2023-04-22T11:23:46+00:00\" \/>\n<meta property=\"article:modified_time\" content=\"2023-04-22T11:25:34+00:00\" \/>\n<meta name=\"author\" content=\"fabienneengler\" \/>\n<meta name=\"twitter:card\" content=\"summary_large_image\" \/>\n<meta name=\"twitter:label1\" content=\"Verfasst von\" \/>\n\t<meta name=\"twitter:data1\" content=\"fabienneengler\" \/>\n<script type=\"application\/ld+json\" class=\"yoast-schema-graph\">{\"@context\":\"https:\/\/schema.org\",\"@graph\":[{\"@type\":\"Article\",\"@id\":\"https:\/\/extern21.gruene.ch\/uvektest\/blog\/posts\/bundesrat-roesti-verteidigt-recht-auf-littering#article\",\"isPartOf\":{\"@id\":\"https:\/\/extern21.gruene.ch\/uvektest\/blog\/posts\/bundesrat-roesti-verteidigt-recht-auf-littering\"},\"author\":{\"name\":\"fabienneengler\",\"@id\":\"https:\/\/extern21.gruene.ch\/uvektest\/#\/schema\/person\/2d35a792eb854cca7f8f20d01b2f854e\"},\"headline\":\"Bundesrat R\u00f6sti verteidigt Recht auf Littering\",\"datePublished\":\"2023-04-22T11:23:46+00:00\",\"dateModified\":\"2023-04-22T11:25:34+00:00\",\"mainEntityOfPage\":{\"@id\":\"https:\/\/extern21.gruene.ch\/uvektest\/blog\/posts\/bundesrat-roesti-verteidigt-recht-auf-littering\"},\"wordCount\":7,\"keywords\":[\"Kreislaufwirtschaft\"],\"articleSection\":[\"Beitr\u00e4ge\"],\"inLanguage\":\"de\"},{\"@type\":\"WebPage\",\"@id\":\"https:\/\/extern21.gruene.ch\/uvektest\/blog\/posts\/bundesrat-roesti-verteidigt-recht-auf-littering\",\"url\":\"https:\/\/extern21.gruene.ch\/uvektest\/blog\/posts\/bundesrat-roesti-verteidigt-recht-auf-littering\",\"name\":\"Bundesrat R\u00f6sti verteidigt Recht auf Littering - UVEK Watch Test\",\"isPartOf\":{\"@id\":\"https:\/\/extern21.gruene.ch\/uvektest\/#website\"},\"datePublished\":\"2023-04-22T11:23:46+00:00\",\"dateModified\":\"2023-04-22T11:25:34+00:00\",\"author\":{\"@id\":\"https:\/\/extern21.gruene.ch\/uvektest\/#\/schema\/person\/2d35a792eb854cca7f8f20d01b2f854e\"},\"description\":\"Bei der Vorlage f\u00fcr eine Schweizer Kreislaufwirtschaft hat Albert R\u00f6sti den Bundesrat offensichtlich auf SVP-Kurs gebracht. Sogar dort wo die SVP nicht geschlossen ist, wie beispielsweise beim Littering. (Bastien Girod)\",\"breadcrumb\":{\"@id\":\"https:\/\/extern21.gruene.ch\/uvektest\/blog\/posts\/bundesrat-roesti-verteidigt-recht-auf-littering#breadcrumb\"},\"inLanguage\":\"de\",\"potentialAction\":[{\"@type\":\"ReadAction\",\"target\":[\"https:\/\/extern21.gruene.ch\/uvektest\/blog\/posts\/bundesrat-roesti-verteidigt-recht-auf-littering\"]}]},{\"@type\":\"BreadcrumbList\",\"@id\":\"https:\/\/extern21.gruene.ch\/uvektest\/blog\/posts\/bundesrat-roesti-verteidigt-recht-auf-littering#breadcrumb\",\"itemListElement\":[{\"@type\":\"ListItem\",\"position\":1,\"name\":\"Startseite\",\"item\":\"https:\/\/extern21.gruene.ch\/uvektest\/\"},{\"@type\":\"ListItem\",\"position\":2,\"name\":\"Blog-Beitr\u00e4ge\",\"item\":\"https:\/\/extern21.gruene.ch\/uvektest\/blog\/category\/posts#menu-item-767\"},{\"@type\":\"ListItem\",\"position\":3,\"name\":\"Bundesrat R\u00f6sti verteidigt Recht auf Littering\"}]},{\"@type\":\"WebSite\",\"@id\":\"https:\/\/extern21.gruene.ch\/uvektest\/#website\",\"url\":\"https:\/\/extern21.gruene.ch\/uvektest\/\",\"name\":\"UVEK Watch Test\",\"description\":\"Dokumentation der Arbeit von Bundesrat Albert R\u00f6sti\",\"potentialAction\":[{\"@type\":\"SearchAction\",\"target\":{\"@type\":\"EntryPoint\",\"urlTemplate\":\"https:\/\/extern21.gruene.ch\/uvektest\/?s={search_term_string}\"},\"query-input\":{\"@type\":\"PropertyValueSpecification\",\"valueRequired\":true,\"valueName\":\"search_term_string\"}}],\"inLanguage\":\"de\"},{\"@type\":\"Person\",\"@id\":\"https:\/\/extern21.gruene.ch\/uvektest\/#\/schema\/person\/2d35a792eb854cca7f8f20d01b2f854e\",\"name\":\"fabienneengler\",\"image\":{\"@type\":\"ImageObject\",\"inLanguage\":\"de\",\"@id\":\"https:\/\/extern21.gruene.ch\/uvektest\/#\/schema\/person\/image\/\",\"url\":\"https:\/\/secure.gravatar.com\/avatar\/63d8dfc221c576373225a985804604fad73e33614cff1e22cb39bc6e63d2f96e?s=96&d=mm&r=g\",\"contentUrl\":\"https:\/\/secure.gravatar.com\/avatar\/63d8dfc221c576373225a985804604fad73e33614cff1e22cb39bc6e63d2f96e?s=96&d=mm&r=g\",\"caption\":\"fabienneengler\"}}]}<\/script>\n<!-- \/ Yoast SEO plugin. -->","yoast_head_json":{"title":"Bundesrat R\u00f6sti verteidigt Recht auf Littering - UVEK Watch Test","description":"Bei der Vorlage f\u00fcr eine Schweizer Kreislaufwirtschaft hat Albert R\u00f6sti den Bundesrat offensichtlich auf SVP-Kurs gebracht. Sogar dort wo die SVP nicht geschlossen ist, wie beispielsweise beim Littering. (Bastien Girod)","robots":{"index":"index","follow":"follow","max-snippet":"max-snippet:-1","max-image-preview":"max-image-preview:large","max-video-preview":"max-video-preview:-1"},"canonical":"https:\/\/extern21.gruene.ch\/uvektest\/blog\/posts\/bundesrat-roesti-verteidigt-recht-auf-littering","og_locale":"de_DE","og_type":"article","og_title":"Bundesrat R\u00f6sti verteidigt Recht auf Littering - UVEK Watch Test","og_description":"Bei der Vorlage f\u00fcr eine Schweizer Kreislaufwirtschaft hat Albert R\u00f6sti den Bundesrat offensichtlich auf SVP-Kurs gebracht. Sogar dort wo \u2026","og_url":"https:\/\/extern21.gruene.ch\/uvektest\/blog\/posts\/bundesrat-roesti-verteidigt-recht-auf-littering","og_site_name":"UVEK Watch Test","article_published_time":"2023-04-22T11:23:46+00:00","article_modified_time":"2023-04-22T11:25:34+00:00","author":"fabienneengler","twitter_card":"summary_large_image","twitter_misc":{"Verfasst von":"fabienneengler"},"schema":{"@context":"https:\/\/schema.org","@graph":[{"@type":"Article","@id":"https:\/\/extern21.gruene.ch\/uvektest\/blog\/posts\/bundesrat-roesti-verteidigt-recht-auf-littering#article","isPartOf":{"@id":"https:\/\/extern21.gruene.ch\/uvektest\/blog\/posts\/bundesrat-roesti-verteidigt-recht-auf-littering"},"author":{"name":"fabienneengler","@id":"https:\/\/extern21.gruene.ch\/uvektest\/#\/schema\/person\/2d35a792eb854cca7f8f20d01b2f854e"},"headline":"Bundesrat R\u00f6sti verteidigt Recht auf Littering","datePublished":"2023-04-22T11:23:46+00:00","dateModified":"2023-04-22T11:25:34+00:00","mainEntityOfPage":{"@id":"https:\/\/extern21.gruene.ch\/uvektest\/blog\/posts\/bundesrat-roesti-verteidigt-recht-auf-littering"},"wordCount":7,"keywords":["Kreislaufwirtschaft"],"articleSection":["Beitr\u00e4ge"],"inLanguage":"de"},{"@type":"WebPage","@id":"https:\/\/extern21.gruene.ch\/uvektest\/blog\/posts\/bundesrat-roesti-verteidigt-recht-auf-littering","url":"https:\/\/extern21.gruene.ch\/uvektest\/blog\/posts\/bundesrat-roesti-verteidigt-recht-auf-littering","name":"Bundesrat R\u00f6sti verteidigt Recht auf Littering - UVEK Watch Test","isPartOf":{"@id":"https:\/\/extern21.gruene.ch\/uvektest\/#website"},"datePublished":"2023-04-22T11:23:46+00:00","dateModified":"2023-04-22T11:25:34+00:00","author":{"@id":"https:\/\/extern21.gruene.ch\/uvektest\/#\/schema\/person\/2d35a792eb854cca7f8f20d01b2f854e"},"description":"Bei der Vorlage f\u00fcr eine Schweizer Kreislaufwirtschaft hat Albert R\u00f6sti den Bundesrat offensichtlich auf SVP-Kurs gebracht. Sogar dort wo die SVP nicht geschlossen ist, wie beispielsweise beim Littering. (Bastien Girod)","breadcrumb":{"@id":"https:\/\/extern21.gruene.ch\/uvektest\/blog\/posts\/bundesrat-roesti-verteidigt-recht-auf-littering#breadcrumb"},"inLanguage":"de","potentialAction":[{"@type":"ReadAction","target":["https:\/\/extern21.gruene.ch\/uvektest\/blog\/posts\/bundesrat-roesti-verteidigt-recht-auf-littering"]}]},{"@type":"BreadcrumbList","@id":"https:\/\/extern21.gruene.ch\/uvektest\/blog\/posts\/bundesrat-roesti-verteidigt-recht-auf-littering#breadcrumb","itemListElement":[{"@type":"ListItem","position":1,"name":"Startseite","item":"https:\/\/extern21.gruene.ch\/uvektest\/"},{"@type":"ListItem","position":2,"name":"Blog-Beitr\u00e4ge","item":"https:\/\/extern21.gruene.ch\/uvektest\/blog\/category\/posts#menu-item-767"},{"@type":"ListItem","position":3,"name":"Bundesrat R\u00f6sti verteidigt Recht auf Littering"}]},{"@type":"WebSite","@id":"https:\/\/extern21.gruene.ch\/uvektest\/#website","url":"https:\/\/extern21.gruene.ch\/uvektest\/","name":"UVEK Watch Test","description":"Dokumentation der Arbeit von Bundesrat Albert R\u00f6sti","potentialAction":[{"@type":"SearchAction","target":{"@type":"EntryPoint","urlTemplate":"https:\/\/extern21.gruene.ch\/uvektest\/?s={search_term_string}"},"query-input":{"@type":"PropertyValueSpecification","valueRequired":true,"valueName":"search_term_string"}}],"inLanguage":"de"},{"@type":"Person","@id":"https:\/\/extern21.gruene.ch\/uvektest\/#\/schema\/person\/2d35a792eb854cca7f8f20d01b2f854e","name":"fabienneengler","image":{"@type":"ImageObject","inLanguage":"de","@id":"https:\/\/extern21.gruene.ch\/uvektest\/#\/schema\/person\/image\/","url":"https:\/\/secure.gravatar.com\/avatar\/63d8dfc221c576373225a985804604fad73e33614cff1e22cb39bc6e63d2f96e?s=96&d=mm&r=g","contentUrl":"https:\/\/secure.gravatar.com\/avatar\/63d8dfc221c576373225a985804604fad73e33614cff1e22cb39bc6e63d2f96e?s=96&d=mm&r=g","caption":"fabienneengler"}}]}},"lang":"de","translations":{"de":983},"pll_sync_post":[],"_links":{"self":[{"href":"https:\/\/extern21.gruene.ch\/uvektest\/wp-json\/wp\/v2\/posts\/983","targetHints":{"allow":["GET"]}}],"collection":[{"href":"https:\/\/extern21.gruene.ch\/uvektest\/wp-json\/wp\/v2\/posts"}],"about":[{"href":"https:\/\/extern21.gruene.ch\/uvektest\/wp-json\/wp\/v2\/types\/post"}],"author":[{"embeddable":true,"href":"https:\/\/extern21.gruene.ch\/uvektest\/wp-json\/wp\/v2\/users\/64"}],"replies":[{"embeddable":true,"href":"https:\/\/extern21.gruene.ch\/uvektest\/wp-json\/wp\/v2\/comments?post=983"}],"version-history":[{"count":6,"href":"https:\/\/extern21.gruene.ch\/uvektest\/wp-json\/wp\/v2\/posts\/983\/revisions"}],"predecessor-version":[{"id":989,"href":"https:\/\/extern21.gruene.ch\/uvektest\/wp-json\/wp\/v2\/posts\/983\/revisions\/989"}],"wp:attachment":[{"href":"https:\/\/extern21.gruene.ch\/uvektest\/wp-json\/wp\/v2\/media?parent=983"}],"wp:term":[{"taxonomy":"category","embeddable":true,"href":"https:\/\/extern21.gruene.ch\/uvektest\/wp-json\/wp\/v2\/categories?post=983"},{"taxonomy":"post_tag","embeddable":true,"href":"https:\/\/extern21.gruene.ch\/uvektest\/wp-json\/wp\/v2\/tags?post=983"}],"curies":[{"name":"wp","href":"https:\/\/api.w.org\/{rel}","templated":true}]}}